{"id":490,"date":"2025-11-28T13:55:36","date_gmt":"2025-11-28T12:55:36","guid":{"rendered":"https:\/\/www.zonecouture.fr\/blog\/?p=490"},"modified":"2025-11-28T14:04:54","modified_gmt":"2025-11-28T13:04:54","slug":"pourquoi-et-comment-personnaliser-vos-vetements","status":"publish","type":"post","link":"https:\/\/www.zonecouture.fr\/blog\/490-pourquoi-et-comment-personnaliser-vos-vetements\/","title":{"rendered":"Pourquoi et comment personnaliser vos v\u00eatements\u2009?"},"content":{"rendered":"\n<p>\u00c0 l\u2019heure o\u00f9 la mode change tous les jours, le v\u00eatement personnalis\u00e9 appara\u00eet comme une des tendances les plus marqu\u00e9es du moment. Vous pouvez enfin vous exprimer, faire la diff\u00e9rence et affirmer une identit\u00e9 \u00e0 travers ce que vous portez. Cette option n\u2019est plus r\u00e9serv\u00e9e \u00e0 des marques ou des cr\u00e9ateurs. C\u2019est une pratique accessible, cr\u00e9ative et porteuse de sens pour tout un chacun. Mais pourquoi ce ph\u00e9nom\u00e8ne fait-il autant d\u2019adeptes\u2009? Comment pouvez-vous vous lancer concr\u00e8tement dans la personnalisation textile pour cr\u00e9er des pi\u00e8ces uniques\u2009? Voici ce qu\u2019il faut retenir \u00e0 ce sujet.<\/p>\n\n\n\n<h2 class=\"wp-block-heading\"><strong>La personnalisation&nbsp;: entre expression de soi et tendance durable<\/strong><\/h2>\n\n\n\n<p>La mode n\u2019est plus seulement une question d\u2019apparence. Elle devient un moyen d\u2019expression. Porter un&nbsp;<strong>v\u00eatement personnalis\u00e9<\/strong>, c\u2019est affirmer votre&nbsp;<strong>unicit\u00e9<\/strong>&nbsp;dans un environnement o\u00f9 tout semble standardis\u00e9. En personnalisant une chemise, un t-shirt ou une veste, on cr\u00e9e une pi\u00e8ce qui refl\u00e8te votre personnalit\u00e9, vos go\u00fbts ou vos valeurs.<\/p>\n\n\n\n<h3 class=\"wp-block-heading\"><strong>Un moyen d\u2019affirmer son identit\u00e9<\/strong><\/h3>\n\n\n\n<p>La personnalisation a la capacit\u00e9 de m\u00e9tamorphoser un v\u00eatement banal en une marque de&nbsp;<strong>style personnel<\/strong>. Pour certaines personnes, il s\u2019agit d\u2019art tandis que pour d\u2019autres, c\u2019est une fa\u00e7on de revendiquer son adh\u00e9sion \u00e0 une cause, \u00e0 une marque ou \u00e0 une passion. Votre habit de&nbsp;<a href=\"https:\/\/www.monsieurtshirt.com\/\">chez Monsieur Tshirt<\/a>&nbsp;devient alors un vrai support de communication.<\/p>\n\n\n\n<p>Pour le particulier, la personnalisation est un moyen de vous affranchir de cette&nbsp;<strong>standardisation<\/strong>&nbsp;impos\u00e9e par le fast fashion. Plut\u00f4t que de vous plier aux tendances, vous pouvez cr\u00e9er la v\u00f4tre. Cette libert\u00e9 de cr\u00e9ation fait de cette solution un acte de mode politique.<\/p>\n\n\n\n<h3 class=\"wp-block-heading\"><strong>Une d\u00e9marche plus durable<\/strong><\/h3>\n\n\n\n<p>Personnaliser vos v\u00eatements, c\u2019est aussi&nbsp;<strong>redonner vie \u00e0 des pi\u00e8ces oubli\u00e9es<\/strong>. Vous pouvez modifier un t-shirt, une veste en jeans ou un vieux sweatshirt afin de prolonger leur long\u00e9vit\u00e9. C\u2019est une pratique qui s\u2019inscrit dans le cadre de l\u2019\u00e9conomie circulaire et de lutte contre le gaspillage textile.<\/p>\n\n\n\n<p>Ainsi, la personnalisation n\u2019est pas seulement \u00e0 but esth\u00e9tique. Il s\u2019agit aussi d\u2019un acte&nbsp;<strong>\u00e9coresponsable<\/strong>. Elle participe au slow fashion qui privil\u00e9gie la qualit\u00e9, la cr\u00e9ativit\u00e9 et la durabilit\u00e9 \u00e0 la surconsommation.<\/p>\n\n\n\n<h2 class=\"wp-block-heading\"><strong>Les avantages professionnels&nbsp;: une image de marque forte et coh\u00e9rente<\/strong><\/h2>\n\n\n\n<p>Si les particuliers personnalisent leurs v\u00eatements pour le plaisir ou l\u2019expression de soi, les&nbsp;<strong>entreprises<\/strong>, elles, y trouvent un formidable outil de communication.<\/p>\n\n\n\n<h3 class=\"wp-block-heading\"><strong>Renforcer la coh\u00e9sion interne<\/strong><\/h3>\n\n\n\n<p>Les v\u00eatements personnalis\u00e9s rencontrent un vif succ\u00e8s dans le secteur professionnel. Dot\u00e9s du&nbsp;<strong>logo<\/strong>&nbsp;de votre entreprise, les t-shirts, les vestes, les polos et les casquettes renforcent le sentiment d\u2019appartenance.<\/p>\n\n\n\n<p>Vous pouvez les porter au cours d\u2019\u00e9v\u00e9nements tels que les&nbsp;<strong>s\u00e9minaires<\/strong>&nbsp;ou les salons pour v\u00e9hiculer une image de professionnalisme et d\u2019unit\u00e9. Cette harmonisation contribue \u00e0 la dynamique d\u2019\u00e9quipe. D\u2019autre part, elle permet de valoriser vos&nbsp;<strong>collaborateurs<\/strong>&nbsp;qui deviennent ainsi les ambassadeurs de la marque.<\/p>\n\n\n\n<h3 class=\"wp-block-heading\"><strong>Valoriser l\u2019image de marque<\/strong><\/h3>\n\n\n\n<p>Bien con\u00e7u, un v\u00eatement personnalis\u00e9 devient aussi un vecteur de&nbsp;<strong>communication mobile<\/strong>. Chaque salari\u00e9 et client qui le porte participe \u00e0 la notori\u00e9t\u00e9 de la marque prise dans son espace public.<\/p>\n\n\n\n<p>De nombreuses enseignes locales ou nationales utilisent la personnalisation textile pour affirmer leur&nbsp;<strong>identit\u00e9 visuelle<\/strong>. Les options sont nombreuses, entre un logo brod\u00e9, un slogan imprim\u00e9 ou les couleurs de l\u2019entreprise, pour construire une image forte, reconnaissable et coh\u00e9rente.<\/p>\n\n\n\n<h2 class=\"wp-block-heading\"><strong>Les diff\u00e9rentes techniques de personnalisation<\/strong><\/h2>\n\n\n\n<p>Vous disposez d\u2019un vaste choix de techniques pour votre&nbsp;<strong>personnalisation textile<\/strong>. Elles sont adapt\u00e9es \u00e0 tous les tissus, budgets et r\u00e9sultats esth\u00e9tiques.<\/p>\n\n\n\n<h3 class=\"wp-block-heading\"><strong>La broderie<\/strong><\/h3>\n\n\n\n<p>En mati\u00e8re d\u2019<strong>impression<\/strong>, la broderie est assur\u00e9ment la technique la plus noble et la plus durable. Elle consiste \u00e0 reproduire une image ou un logo au moyen de fils color\u00e9s directement sur un support textile.<\/p>\n\n\n\n<p>Elle est tr\u00e8s courante sur les polos, chemises ou vestes et conf\u00e8re une belle allure et une&nbsp;<strong>grande solidit\u00e9<\/strong>&nbsp;au v\u00eatement apr\u00e8s lavage. C\u2019est la technique choisie par toutes les entreprises qui souhaitent une image de qualit\u00e9. La broderie engendre en revanche un co\u00fbt plus important, en particulier sur de grandes s\u00e9ries.<\/p>\n\n\n\n<h3 class=\"wp-block-heading\"><strong>Le flocage et la s\u00e9rigraphie<\/strong><\/h3>\n\n\n\n<p>La technique de flocage consiste \u00e0 appliquer un&nbsp;<strong>film thermocollant<\/strong>&nbsp;sur le tissu. Elle permet d\u2019obtenir une teinte vive et une confection propre, parfaite pour identifier le num\u00e9ro de maillot ou inscrire des \u00e9l\u00e9ments clairement visibles.<\/p>\n\n\n\n<p>La s\u00e9rigraphie consiste, pour sa part, consiste \u00e0 d\u00e9poser l\u2019encre directement sur le tissu gr\u00e2ce \u00e0 un pochoir. Elle permet une&nbsp;<strong>reproduction fid\u00e8le des couleurs<\/strong>&nbsp;et est particuli\u00e8rement adapt\u00e9e aux grandes s\u00e9ries. Ces deux techniques sont pl\u00e9biscit\u00e9es pour produire des t-shirts promotionnels ou v\u00eatements d\u2019\u00e9quipe.<\/p>\n\n\n\n<h3 class=\"wp-block-heading\"><strong>L\u2019impression num\u00e9rique<\/strong><\/h3>\n\n\n\n<p>Pour des motifs complexes, des&nbsp;<strong>d\u00e9grad\u00e9s de couleurs<\/strong>&nbsp;et des repr\u00e9sentations photographiques, le mode d\u2019impression num\u00e9rique est le plus adapt\u00e9. Contemporain, il fonctionne comme une impression jet d\u2019encre. Il d\u00e9pose le dessin directement sur le v\u00eatement. Cette solution est souvent utilis\u00e9e pour des&nbsp;<strong>cr\u00e9ations artistiques<\/strong>&nbsp;ou de petites s\u00e9ries. Elle laisse une grande libert\u00e9 en termes de graphique tout en \u00e9tant tr\u00e8s douce au toucher.<\/p>\n\n\n\n<h2 class=\"wp-block-heading\"><strong>Comment bien personnaliser vos v\u00eatements<\/strong><strong>\u2009<\/strong><strong>?<\/strong><\/h2>\n\n\n\n<p>La r\u00e9ussite de votre projet de&nbsp;<strong>personnalisation de v\u00eatements<\/strong>&nbsp;d\u00e9pend de plusieurs facteurs.<\/p>\n\n\n\n<h3 class=\"wp-block-heading\"><strong>Choisissez le bon support<\/strong><\/h3>\n\n\n\n<p>La cl\u00e9 r\u00e9side principalement dans le choix du textile. Un tissu trop fin, extensible ou trop textur\u00e9 peut rendre le motif difficile \u00e0 tenir. Vous devez g\u00e9n\u00e9ralement privil\u00e9gier des&nbsp;<strong>fibres naturelles<\/strong>&nbsp;comme le coton ou le lin. Le v\u00eatement doit \u00eatre \u00e9galement adapt\u00e9 \u00e0 son usage&nbsp;: un t-shirt l\u00e9ger pour l\u2019\u00e9t\u00e9, un sweat pour un style d\u00e9contract\u00e9 ou une veste pour \u00eatre plus professionnel.<\/p>\n\n\n\n<h3 class=\"wp-block-heading\"><strong>Soignez le design<\/strong><\/h3>\n\n\n\n<p>La r\u00e9ussite d\u2019une personnalisation repose sur un subtil \u00e9quilibre entre&nbsp;<strong>la cr\u00e9ativit\u00e9 et la lisibilit\u00e9<\/strong>. En effet, un logo trop grand ou mal assorti peut d\u00e9truire le visuel du v\u00eatement. Il est donc n\u00e9cessaire de soigner le visuel au pr\u00e9alable en choisissant une typographie et un placement clairs.<\/p>\n\n\n\n<p>De nombreux sites et ateliers proposent des outils de&nbsp;<strong>conception en ligne<\/strong>&nbsp;permettant de visualiser le rendu avant production.<\/p>\n\n\n\n<h3 class=\"wp-block-heading\"><strong>Faire appel \u00e0 un professionnel<\/strong><\/h3>\n\n\n\n<p>Si vous \u00eates un&nbsp;<strong>amateur de DIY<\/strong>, vous pouvez opter pour la personnalisation maison, \u00e0 l\u2019aide d\u2019un transfert ou d\u2019une peinture textile. Cependant, le recours \u00e0 un atelier sp\u00e9cialis\u00e9 permet d\u2019entreprendre des travaux durables et soign\u00e9s.<\/p>\n\n\n\n<p>Ces professionnels disposent des \u00e9quipements adapt\u00e9s et peuvent conseiller la technique la plus appropri\u00e9e selon le tissu et le motif. De nombreux\u00a0<strong>ateliers de personnalisation textile<\/strong>\u00a0proposent aux particuliers comme aux professionnels de concevoir des pi\u00e8ces uniques.<\/p>\n\n\n\n<p>Source d&rsquo;image : <a href=\"https:\/\/pixabay.com\/fr\/illustrations\/t-shirt-la-chemise-v%c3%aatements-rouge-7973394\/\" target=\"_blank\" rel=\"noreferrer noopener nofollow\">https:\/\/pixabay.com\/fr\/illustrations\/t-shirt-la-chemise-v%c3%aatements-rouge-7973394\/<\/a><\/p>\n<div class=\"ays-arp-under-posts-container ays-arp-classy-layout \" id=\"ays-arp-under-posts-container-490-69f0bf029f788\"  data-id=\"69f0bf029f788\" data-ratio=\"0.75\"><h2 class=\"ays-arp-under-posts-container-title\">Les articles r\u00e9cents<\/h2><input type=\"hidden\" name=\"ays-arp-id-69f0bf029f788\" value=\"490\"><div class=\"ays-arp-under-posts\"><div class=\"ays-arp-under-post\"><div class=\"ays-arp-under-post-header\"><div class=\"ays-arp-under-post-img-row\"><a href=\"https:\/\/www.zonecouture.fr\/blog\/505-quelle-machine-a-coudre-industrielle-pour-votre-atelier\/\" class=\"ays-arp-under-post-link\"  ><img src=\"https:\/\/www.zonecouture.fr\/blog\/wp-content\/uploads\/2026\/04\/img-quelle-machine-a-coudre-industrielle-pour-votre-atelier-768x512.jpg\" class=\"ays-arp-under-post-img\"><span class=\"ays-arp-under-post-overlay-box\"><\/span><\/a><div class=\"ays-arp-under-post-title-row\"><div class=\"ays-arp-under-post-title\"><a href=\"https:\/\/www.zonecouture.fr\/blog\/505-quelle-machine-a-coudre-industrielle-pour-votre-atelier\/\" class=\"ays-arp-under-post-link\"  >Quelle machine \u00e0 coudre industrielle pour votre...<\/a><\/div><\/div><\/div><\/div><div class=\"ays-arp-under-post-content\"><div class=\"ays-arp-under-post-excerpt-row\"><span class=\"ays-arp-under-post-excerpt\">\nChoisir une machine \u00e0 coudre industrielle ne s&#039;improvise pas. Entre les exigences de production, la diversit\u00e9 des mat\u00e9riaux travaill\u00e9s et la multiplicit\u00e9 des types de machines disponibles sur le march\u00e9,...<\/span><\/div><\/div><\/div><div class=\"ays-arp-under-post\"><div class=\"ays-arp-under-post-header\"><div class=\"ays-arp-under-post-img-row\"><a href=\"https:\/\/www.zonecouture.fr\/blog\/501-tarifs-moyens-des-retouches-en-couture-guide-complet-2026\/\" class=\"ays-arp-under-post-link\"  ><img src=\"https:\/\/www.zonecouture.fr\/blog\/wp-content\/uploads\/2026\/03\/faa13a441077edc129b56a96c86d7c24-768x430.jpg\" class=\"ays-arp-under-post-img\"><span class=\"ays-arp-under-post-overlay-box\"><\/span><\/a><div class=\"ays-arp-under-post-title-row\"><div class=\"ays-arp-under-post-title\"><a href=\"https:\/\/www.zonecouture.fr\/blog\/501-tarifs-moyens-des-retouches-en-couture-guide-complet-2026\/\" class=\"ays-arp-under-post-link\"  >Tarifs moyens des retouches en couture :...<\/a><\/div><\/div><\/div><\/div><div class=\"ays-arp-under-post-content\"><div class=\"ays-arp-under-post-excerpt-row\"><span class=\"ays-arp-under-post-excerpt\">\nAvant de confier vos v\u00eatements \u00e0 un couturier ou une couturi\u00e8re, avoir une id\u00e9e pr\u00e9cise des tarifs moyens pour les retouches en couture permet vraiment d\u2019\u00e9viter bien des surprises et...<\/span><\/div><\/div><\/div><div class=\"ays-arp-under-post\"><div class=\"ays-arp-under-post-header\"><div class=\"ays-arp-under-post-img-row\"><a href=\"https:\/\/www.zonecouture.fr\/blog\/56-rendre-unique-son-sweat-avec-brorderie-faite-main\/\" class=\"ays-arp-under-post-link\"  ><img src=\"https:\/\/www.zonecouture.fr\/blog\/wp-content\/uploads\/2024\/03\/sweat-broderie-768x512.jpeg\" class=\"ays-arp-under-post-img\"><span class=\"ays-arp-under-post-overlay-box\"><\/span><\/a><div class=\"ays-arp-under-post-title-row\"><div class=\"ays-arp-under-post-title\"><a href=\"https:\/\/www.zonecouture.fr\/blog\/56-rendre-unique-son-sweat-avec-brorderie-faite-main\/\" class=\"ays-arp-under-post-link\"  >Rendre unique son sweat avec de la...<\/a><\/div><\/div><\/div><\/div><div class=\"ays-arp-under-post-content\"><div class=\"ays-arp-under-post-excerpt-row\"><span class=\"ays-arp-under-post-excerpt\">Il n&#039;y a rien de plus gratifiant que de porter un v\u00eatement personnalis\u00e9 et fait avec amour, n&#039;est-ce pas ? Si vous \u00eates comme moi, vous aimez s\u00fbrement ajouter votre...<\/span><\/div><\/div><\/div><\/div><style type=\"text\/css\">\n            #ays-arp-under-posts-container-490-69f0bf029f788 {\n                width: 100%;\n                word-break: break-word;\n            }\n\n            #ays-arp-under-posts-container-490-69f0bf029f788 .ays-arp-under-post {\n                width: calc(33% - 10px);\n                padding: 10px;\n                border: none;\n            }\n\n            #ays-arp-under-posts-container-490-69f0bf029f788 .ays-arp-under-post-img-row .ays-arp-under-post-img {\n\t\t\t    object-fit: cover;\n\t\t\t    object-position:center center;\n                border: unset;\n                padding: unset;\n                border-radius: 0px;\n                height: 100%\n            }\n\n            #ays-arp-under-posts-container-490-69f0bf029f788 .ays-arp-under-posts-container-title,\n            #ays-arp-under-posts-container-490-69f0bf029f788 .ays-arp-under-post-title  .ays-arp-under-post-link,\n            #ays-arp-under-posts-container-490-69f0bf029f788 .ays-arp-under-post-excerpt-row {\n                color: #333333;\n            }\n\n            #ays-arp-under-posts-container-490-69f0bf029f788  .ays-arp-under-posts  .ays-arp-under-post {\n                background-color: rgba(255,255,255,0);\n            }\n\n            #ays-arp-under-posts-container-490-69f0bf029f788  .ays-arp-under-posts  .ays-arp-under-post:hover {\n                background-color: rgba(255,255,255,0);\n            }\n\n            #ays-arp-under-posts-container-490-69f0bf029f788 .ays-arp-under-post-title,\n            #ays-arp-under-posts-container-490-69f0bf029f788 .ays-arp-under-post-link {\n                line-height: 1.5;\n            }\n\n            #ays-arp-under-posts-container-490-69f0bf029f788 .ays-arp-under-post-title a{\n                font-size: 16px;\n            }\n\n            #ays-arp-under-posts-container-490-69f0bf029f788 .ays-arp-under-post-date-author-row {\n                color: rgba(51,51,51,0.7);\n            }\n\n            #ays-arp-under-posts-container-490-69f0bf029f788 .ays-arp-under-posts a:active,\n            #ays-arp-under-posts-container-490-69f0bf029f788 .ays-arp-under-posts a:hover,\n            #ays-arp-under-posts-container-490-69f0bf029f788 .ays-arp-under-posts a:focus,\n            #ays-arp-under-posts-container-490-69f0bf029f788 .ays-arp-under-posts a {\n                text-decoration: unset;\n                cursor: pointer;\n                outline: unset;\n                text-decoration-skip-ink: none;\n                background: unset;\n                opacity: 1;\n            }\n            \n            \/* Layout CSS *\/\n            #ays-arp-under-posts-container-490-69f0bf029f788.ays-arp-classy-layout .ays-arp-under-post-date-author-row {\n                \/*border-bottom: 0.5px solid rgba(51,51,51,0.4);*\/\n                border: unset;\n            }\n\n            #ays-arp-under-posts-container-490-69f0bf029f788.ays-arp-classy-layout .ays-arp-under-post {\n                padding: 0;\n                \/*border: 0.5px solid rgb(236 237 241);*\/\n                border-radius: 5px;\n                overflow:hidden;\n            }\n\n            #ays-arp-under-posts-container-490-69f0bf029f788.ays-arp-classy-layout .ays-arp-under-post-content {\n                padding: 10px;\n            }\n\n            #ays-arp-under-posts-container-490-69f0bf029f788.ays-arp-classy-layout .ays-arp-under-post-img-row,\n            #ays-arp-under-posts-container-490-69f0bf029f788.ays-arp-classy-layout .ays-arp-under-post-img-row img {\n                border-radius: 0px;\n            }\n\n            #ays-arp-under-posts-container-490-69f0bf029f788.ays-arp-classy-layout .ays-arp-under-post-link {\n                color: #fff;\n            }\n            \n            <\/style><\/div>","protected":false},"excerpt":{"rendered":"<p>\u00c0 l\u2019heure o\u00f9 la mode change tous les jours, le v\u00eatement personnalis\u00e9 appara\u00eet comme une des tendances les plus marqu\u00e9es du moment. Vous pouvez enfin vous exprimer, faire la diff\u00e9rence et affirmer une identit\u00e9 \u00e0 travers ce que vous portez. Cette option n\u2019est plus r\u00e9serv\u00e9e \u00e0 des marques ou des cr\u00e9ateurs. C\u2019est une pratique accessible, [&hellip;]<\/p>\n","protected":false},"author":2,"featured_media":491,"comment_status":"closed","ping_status":"closed","sticky":false,"template":"","format":"standard","meta":{"footnotes":""},"categories":[15],"tags":[],"yoast_head":"<!-- This site is optimized with the Yoast SEO plugin v23.0 - https:\/\/yoast.com\/wordpress\/plugins\/seo\/ -->\n<title>Pourquoi et comment personnaliser vos v\u00eatements\u2009?<\/title>\n<meta name=\"description\" content=\"D\u00e9couvrez pourquoi personnaliser vos v\u00eatements est tendance, et comment la personnalisation textile permet d&#039;affirmer votre style de fa\u00e7on unique et cr\u00e9ative.\" \/>\n<meta name=\"robots\" content=\"index, follow, max-snippet:-1, max-image-preview:large, max-video-preview:-1\" \/>\n<link rel=\"canonical\" href=\"https:\/\/www.zonecouture.fr\/blog\/490-pourquoi-et-comment-personnaliser-vos-vetements\/\" \/>\n<meta property=\"og:locale\" content=\"fr_FR\" \/>\n<meta property=\"og:type\" content=\"article\" \/>\n<meta property=\"og:title\" content=\"Pourquoi et comment personnaliser vos v\u00eatements\u2009?\" \/>\n<meta property=\"og:description\" content=\"D\u00e9couvrez pourquoi personnaliser vos v\u00eatements est tendance, et comment la personnalisation textile permet d&#039;affirmer votre style de fa\u00e7on unique et cr\u00e9ative.\" \/>\n<meta property=\"og:url\" content=\"https:\/\/www.zonecouture.fr\/blog\/490-pourquoi-et-comment-personnaliser-vos-vetements\/\" \/>\n<meta property=\"og:site_name\" content=\"Le Blog de ZoneCouture\" \/>\n<meta property=\"article:published_time\" content=\"2025-11-28T12:55:36+00:00\" \/>\n<meta property=\"article:modified_time\" content=\"2025-11-28T13:04:54+00:00\" \/>\n<meta property=\"og:image\" content=\"https:\/\/www.zonecouture.fr\/blog\/wp-content\/uploads\/2025\/11\/9b8a597a1aa43749888ca79bff88ac5f.jpeg\" \/>\n\t<meta property=\"og:image:width\" content=\"1280\" \/>\n\t<meta property=\"og:image:height\" content=\"853\" \/>\n\t<meta property=\"og:image:type\" content=\"image\/jpeg\" \/>\n<meta name=\"author\" content=\"Clarisse Mercier\" \/>\n<meta name=\"twitter:card\" content=\"summary_large_image\" \/>\n<meta name=\"twitter:label1\" content=\"Written by\" \/>\n\t<meta name=\"twitter:data1\" content=\"Clarisse Mercier\" \/>\n\t<meta name=\"twitter:label2\" content=\"Est. reading time\" \/>\n\t<meta name=\"twitter:data2\" content=\"6 minutes\" \/>\n<script type=\"application\/ld+json\" class=\"yoast-schema-graph\">{\"@context\":\"https:\/\/schema.org\",\"@graph\":[{\"@type\":\"WebPage\",\"@id\":\"https:\/\/www.zonecouture.fr\/blog\/490-pourquoi-et-comment-personnaliser-vos-vetements\/\",\"url\":\"https:\/\/www.zonecouture.fr\/blog\/490-pourquoi-et-comment-personnaliser-vos-vetements\/\",\"name\":\"Pourquoi et comment personnaliser vos v\u00eatements\u2009?\",\"isPartOf\":{\"@id\":\"https:\/\/www.zonecouture.fr\/blog\/#website\"},\"primaryImageOfPage\":{\"@id\":\"https:\/\/www.zonecouture.fr\/blog\/490-pourquoi-et-comment-personnaliser-vos-vetements\/#primaryimage\"},\"image\":{\"@id\":\"https:\/\/www.zonecouture.fr\/blog\/490-pourquoi-et-comment-personnaliser-vos-vetements\/#primaryimage\"},\"thumbnailUrl\":\"https:\/\/www.zonecouture.fr\/blog\/wp-content\/uploads\/2025\/11\/9b8a597a1aa43749888ca79bff88ac5f.jpeg\",\"datePublished\":\"2025-11-28T12:55:36+00:00\",\"dateModified\":\"2025-11-28T13:04:54+00:00\",\"author\":{\"@id\":\"https:\/\/www.zonecouture.fr\/blog\/#\/schema\/person\/415164583a0dec67689cafc249229c05\"},\"description\":\"D\u00e9couvrez pourquoi personnaliser vos v\u00eatements est tendance, et comment la personnalisation textile permet d'affirmer votre style de fa\u00e7on unique et cr\u00e9ative.\",\"breadcrumb\":{\"@id\":\"https:\/\/www.zonecouture.fr\/blog\/490-pourquoi-et-comment-personnaliser-vos-vetements\/#breadcrumb\"},\"inLanguage\":\"fr-FR\",\"potentialAction\":[{\"@type\":\"ReadAction\",\"target\":[\"https:\/\/www.zonecouture.fr\/blog\/490-pourquoi-et-comment-personnaliser-vos-vetements\/\"]}]},{\"@type\":\"ImageObject\",\"inLanguage\":\"fr-FR\",\"@id\":\"https:\/\/www.zonecouture.fr\/blog\/490-pourquoi-et-comment-personnaliser-vos-vetements\/#primaryimage\",\"url\":\"https:\/\/www.zonecouture.fr\/blog\/wp-content\/uploads\/2025\/11\/9b8a597a1aa43749888ca79bff88ac5f.jpeg\",\"contentUrl\":\"https:\/\/www.zonecouture.fr\/blog\/wp-content\/uploads\/2025\/11\/9b8a597a1aa43749888ca79bff88ac5f.jpeg\",\"width\":1280,\"height\":853,\"caption\":\"Pourquoi et comment personnaliser vos v\u00eatements\u2009?\"},{\"@type\":\"BreadcrumbList\",\"@id\":\"https:\/\/www.zonecouture.fr\/blog\/490-pourquoi-et-comment-personnaliser-vos-vetements\/#breadcrumb\",\"itemListElement\":[{\"@type\":\"ListItem\",\"position\":1,\"name\":\"Le Blog de ZoneCouture\",\"item\":\"https:\/\/www.zonecouture.fr\/blog\/\"},{\"@type\":\"ListItem\",\"position\":2,\"name\":\"Pourquoi et comment personnaliser vos v\u00eatements\u2009?\"}]},{\"@type\":\"WebSite\",\"@id\":\"https:\/\/www.zonecouture.fr\/blog\/#website\",\"url\":\"https:\/\/www.zonecouture.fr\/blog\/\",\"name\":\"Le Blog de ZoneCouture\",\"description\":\"\",\"potentialAction\":[{\"@type\":\"SearchAction\",\"target\":{\"@type\":\"EntryPoint\",\"urlTemplate\":\"https:\/\/www.zonecouture.fr\/blog\/?s={search_term_string}\"},\"query-input\":\"required name=search_term_string\"}],\"inLanguage\":\"fr-FR\"},{\"@type\":\"Person\",\"@id\":\"https:\/\/www.zonecouture.fr\/blog\/#\/schema\/person\/415164583a0dec67689cafc249229c05\",\"name\":\"Clarisse Mercier\",\"image\":{\"@type\":\"ImageObject\",\"inLanguage\":\"fr-FR\",\"@id\":\"https:\/\/www.zonecouture.fr\/blog\/#\/schema\/person\/image\/\",\"url\":\"https:\/\/www.zonecouture.fr\/blog\/wp-content\/uploads\/2024\/03\/clarisse_mercier-96x96.jpg\",\"contentUrl\":\"https:\/\/www.zonecouture.fr\/blog\/wp-content\/uploads\/2024\/03\/clarisse_mercier-96x96.jpg\",\"caption\":\"Clarisse Mercier\"},\"description\":\"Amoureuse de la couture, je g\u00e8re la partie \u00e9ditoriale de ZoneCouture et partage ici mes d\u00e9couvertes et conseils autour de cet art.\",\"sameAs\":[\"https:\/\/www.zonecouture.fr\/\"],\"url\":\"https:\/\/www.zonecouture.fr\/blog\/author\/clarisse-mercier\/\"}]}<\/script>\n<!-- \/ Yoast SEO plugin. -->","yoast_head_json":{"title":"Pourquoi et comment personnaliser vos v\u00eatements\u2009?","description":"D\u00e9couvrez pourquoi personnaliser vos v\u00eatements est tendance, et comment la personnalisation textile permet d'affirmer votre style de fa\u00e7on unique et cr\u00e9ative.","robots":{"index":"index","follow":"follow","max-snippet":"max-snippet:-1","max-image-preview":"max-image-preview:large","max-video-preview":"max-video-preview:-1"},"canonical":"https:\/\/www.zonecouture.fr\/blog\/490-pourquoi-et-comment-personnaliser-vos-vetements\/","og_locale":"fr_FR","og_type":"article","og_title":"Pourquoi et comment personnaliser vos v\u00eatements\u2009?","og_description":"D\u00e9couvrez pourquoi personnaliser vos v\u00eatements est tendance, et comment la personnalisation textile permet d'affirmer votre style de fa\u00e7on unique et cr\u00e9ative.","og_url":"https:\/\/www.zonecouture.fr\/blog\/490-pourquoi-et-comment-personnaliser-vos-vetements\/","og_site_name":"Le Blog de ZoneCouture","article_published_time":"2025-11-28T12:55:36+00:00","article_modified_time":"2025-11-28T13:04:54+00:00","og_image":[{"width":1280,"height":853,"url":"https:\/\/www.zonecouture.fr\/blog\/wp-content\/uploads\/2025\/11\/9b8a597a1aa43749888ca79bff88ac5f.jpeg","type":"image\/jpeg"}],"author":"Clarisse Mercier","twitter_card":"summary_large_image","twitter_misc":{"Written by":"Clarisse Mercier","Est. reading time":"6 minutes"},"schema":{"@context":"https:\/\/schema.org","@graph":[{"@type":"WebPage","@id":"https:\/\/www.zonecouture.fr\/blog\/490-pourquoi-et-comment-personnaliser-vos-vetements\/","url":"https:\/\/www.zonecouture.fr\/blog\/490-pourquoi-et-comment-personnaliser-vos-vetements\/","name":"Pourquoi et comment personnaliser vos v\u00eatements\u2009?","isPartOf":{"@id":"https:\/\/www.zonecouture.fr\/blog\/#website"},"primaryImageOfPage":{"@id":"https:\/\/www.zonecouture.fr\/blog\/490-pourquoi-et-comment-personnaliser-vos-vetements\/#primaryimage"},"image":{"@id":"https:\/\/www.zonecouture.fr\/blog\/490-pourquoi-et-comment-personnaliser-vos-vetements\/#primaryimage"},"thumbnailUrl":"https:\/\/www.zonecouture.fr\/blog\/wp-content\/uploads\/2025\/11\/9b8a597a1aa43749888ca79bff88ac5f.jpeg","datePublished":"2025-11-28T12:55:36+00:00","dateModified":"2025-11-28T13:04:54+00:00","author":{"@id":"https:\/\/www.zonecouture.fr\/blog\/#\/schema\/person\/415164583a0dec67689cafc249229c05"},"description":"D\u00e9couvrez pourquoi personnaliser vos v\u00eatements est tendance, et comment la personnalisation textile permet d'affirmer votre style de fa\u00e7on unique et cr\u00e9ative.","breadcrumb":{"@id":"https:\/\/www.zonecouture.fr\/blog\/490-pourquoi-et-comment-personnaliser-vos-vetements\/#breadcrumb"},"inLanguage":"fr-FR","potentialAction":[{"@type":"ReadAction","target":["https:\/\/www.zonecouture.fr\/blog\/490-pourquoi-et-comment-personnaliser-vos-vetements\/"]}]},{"@type":"ImageObject","inLanguage":"fr-FR","@id":"https:\/\/www.zonecouture.fr\/blog\/490-pourquoi-et-comment-personnaliser-vos-vetements\/#primaryimage","url":"https:\/\/www.zonecouture.fr\/blog\/wp-content\/uploads\/2025\/11\/9b8a597a1aa43749888ca79bff88ac5f.jpeg","contentUrl":"https:\/\/www.zonecouture.fr\/blog\/wp-content\/uploads\/2025\/11\/9b8a597a1aa43749888ca79bff88ac5f.jpeg","width":1280,"height":853,"caption":"Pourquoi et comment personnaliser vos v\u00eatements\u2009?"},{"@type":"BreadcrumbList","@id":"https:\/\/www.zonecouture.fr\/blog\/490-pourquoi-et-comment-personnaliser-vos-vetements\/#breadcrumb","itemListElement":[{"@type":"ListItem","position":1,"name":"Le Blog de ZoneCouture","item":"https:\/\/www.zonecouture.fr\/blog\/"},{"@type":"ListItem","position":2,"name":"Pourquoi et comment personnaliser vos v\u00eatements\u2009?"}]},{"@type":"WebSite","@id":"https:\/\/www.zonecouture.fr\/blog\/#website","url":"https:\/\/www.zonecouture.fr\/blog\/","name":"Le Blog de ZoneCouture","description":"","potentialAction":[{"@type":"SearchAction","target":{"@type":"EntryPoint","urlTemplate":"https:\/\/www.zonecouture.fr\/blog\/?s={search_term_string}"},"query-input":"required name=search_term_string"}],"inLanguage":"fr-FR"},{"@type":"Person","@id":"https:\/\/www.zonecouture.fr\/blog\/#\/schema\/person\/415164583a0dec67689cafc249229c05","name":"Clarisse Mercier","image":{"@type":"ImageObject","inLanguage":"fr-FR","@id":"https:\/\/www.zonecouture.fr\/blog\/#\/schema\/person\/image\/","url":"https:\/\/www.zonecouture.fr\/blog\/wp-content\/uploads\/2024\/03\/clarisse_mercier-96x96.jpg","contentUrl":"https:\/\/www.zonecouture.fr\/blog\/wp-content\/uploads\/2024\/03\/clarisse_mercier-96x96.jpg","caption":"Clarisse Mercier"},"description":"Amoureuse de la couture, je g\u00e8re la partie \u00e9ditoriale de ZoneCouture et partage ici mes d\u00e9couvertes et conseils autour de cet art.","sameAs":["https:\/\/www.zonecouture.fr\/"],"url":"https:\/\/www.zonecouture.fr\/blog\/author\/clarisse-mercier\/"}]}},"_links":{"self":[{"href":"https:\/\/www.zonecouture.fr\/blog\/wp-json\/wp\/v2\/posts\/490"}],"collection":[{"href":"https:\/\/www.zonecouture.fr\/blog\/wp-json\/wp\/v2\/posts"}],"about":[{"href":"https:\/\/www.zonecouture.fr\/blog\/wp-json\/wp\/v2\/types\/post"}],"author":[{"embeddable":true,"href":"https:\/\/www.zonecouture.fr\/blog\/wp-json\/wp\/v2\/users\/2"}],"replies":[{"embeddable":true,"href":"https:\/\/www.zonecouture.fr\/blog\/wp-json\/wp\/v2\/comments?post=490"}],"version-history":[{"count":4,"href":"https:\/\/www.zonecouture.fr\/blog\/wp-json\/wp\/v2\/posts\/490\/revisions"}],"predecessor-version":[{"id":496,"href":"https:\/\/www.zonecouture.fr\/blog\/wp-json\/wp\/v2\/posts\/490\/revisions\/496"}],"wp:featuredmedia":[{"embeddable":true,"href":"https:\/\/www.zonecouture.fr\/blog\/wp-json\/wp\/v2\/media\/491"}],"wp:attachment":[{"href":"https:\/\/www.zonecouture.fr\/blog\/wp-json\/wp\/v2\/media?parent=490"}],"wp:term":[{"taxonomy":"category","embeddable":true,"href":"https:\/\/www.zonecouture.fr\/blog\/wp-json\/wp\/v2\/categories?post=490"},{"taxonomy":"post_tag","embeddable":true,"href":"https:\/\/www.zonecouture.fr\/blog\/wp-json\/wp\/v2\/tags?post=490"}],"curies":[{"name":"wp","href":"https:\/\/api.w.org\/{rel}","templated":true}]}}